{"id":9430,"date":"2021-06-07T14:31:36","date_gmt":"2021-06-07T14:31:36","guid":{"rendered":"https:\/\/sportic.org\/?p=9430"},"modified":"2025-04-17T15:56:38","modified_gmt":"2025-04-17T15:56:38","slug":"se-viene-la-maraton-regional-colaborativa-de-sportic","status":"publish","type":"post","link":"http:\/\/www.sportic.org\/en\/2021\/06\/07\/se-viene-la-maraton-regional-colaborativa-de-sportic\/","title":{"rendered":"Se viene la Marat\u00f3n Regional Colaborativa de Sportic"},"content":{"rendered":"<p><strong><em><strong>Cada&nbsp;23 de junio se celebra&nbsp;el D\u00eda Ol\u00edmpico. Se conmemora la creaci\u00f3n del Comit\u00e9 Ol\u00edmpico Internacional en 1894 y es una fecha en la que se&nbsp;busca promover la pr\u00e1ctica deportiva y los valores ol\u00edmpicos \u2013 amistad, respeto y excelencia \u2013 en todo el mundo. En Argentina, Ecuador y Colombia haremos una Marat\u00f3n Colaborativa para festejarlo. \u00a1Los 21 d\u00edas previos habr\u00e1 actividades de entrenamiento para prepararnos juntxs!.<\/strong><\/em><\/strong><\/p>\n\n\n\n<div class=\"wp-block-image\"><figure class=\"aligncenter size-large\"><img fetchpriority=\"high\" width=\"575\" height=\"562\" src=\"https:\/\/sportic.org\/wp-content\/uploads\/2021\/06\/Picture1.png\" alt=\"\" class=\"wp-image-9431\" srcset=\"https:\/\/www.sportic.org\/wp-content\/uploads\/2021\/06\/Picture1.png 575w, https:\/\/www.sportic.org\/wp-content\/uploads\/2021\/06\/Picture1-300x293.png 300w\" sizes=\"(max-width: 575px) 100vw, 575px\" \/><\/figure><\/div>\n\n\n\n<p>La MARAT\u00d3N ser\u00e1 el d\u00eda mi\u00e9rcoles 23 de junio <strong>en forma simult\u00e1nea en los tres pa\u00edses <\/strong>en donde se implementa Sportic. La invitaci\u00f3n es abierta a la comunidad e inclusiva: cada unx lo hace a su ritmo y velocidad, de la forma en que se proponga. Se puede participar \u00a0caminando, corriendo, trotando, en patines, skate o bicicleta. Si las restricciones sanitarias no permiten la movilizaci\u00f3n fuera de los hogares, tambi\u00e9n se pueden contabilizar recorridos hechos en las casas o en escaleras. La idea es recorrer al menos 1,3 kil\u00f3metros y sumar entre todos y todas la mayor cantidad de kil\u00f3metros.<\/p>\n\n\n\n<p>Sportic habilitar\u00e1 una plataforma con entrenamientos, consejos y mensajes para prepararnos juntos y juntas durante los 21 d\u00edas previos.<strong> El d\u00eda 23\/6<\/strong> <strong>se podr\u00e1n subir all\u00ed los aportes de cada unx <\/strong>para contribuir a este logro colectivo.<\/p>\n\n\n\n<p>\u00bfCu\u00e1ntos kil\u00f3metros lograremos recorrer juntos y juntas? <strong>Los resultados ser\u00e1n compartidos en una transmisi\u00f3n en vivo el d\u00eda 24\/6.<\/strong><\/p>\n\n\n\n<p>M\u00e1s informaci\u00f3n e inscripciones en\u00a0<strong><a href=\"http:\/\/www.sportic.org\/en\/maraton2021\/\" data-type=\"URL\" data-id=\"https:\/\/sportic.org\/maraton2021\/\" target=\"_blank\" rel=\"noreferrer noopener\">sportic.org\/maraton2021<\/a><\/strong><\/p>","protected":false},"excerpt":{"rendered":"<p>La MARAT\u00d3N ser\u00e1 el d\u00eda <b>mi\u00e9rcoles 23 de junio<\/b> en forma simult\u00e1nea en los tres pa\u00edses en donde se implementa Sportic. La invitaci\u00f3n es abierta a la comunidad e inclusiva: cada unx lo hace a su ritmo y velocidad, de la forma en que se proponga.<\/p>","protected":false},"author":5,"featured_media":9431,"comment_status":"closed","ping_status":"closed","sticky":false,"template":"","format":"standard","meta":{"_monsterinsights_skip_tracking":false,"_monsterinsights_sitenote_active":false,"_monsterinsights_sitenote_note":"","_monsterinsights_sitenote_category":0,"neve_meta_sidebar":"","neve_meta_container":"","neve_meta_enable_content_width":"off","neve_meta_content_width":0,"neve_meta_title_alignment":"","neve_meta_author_avatar":"","neve_post_elements_order":"","neve_meta_disable_header":"","neve_meta_disable_footer":"","neve_meta_disable_title":""},"categories":[10,3],"tags":[],"_links":{"self":[{"href":"http:\/\/www.sportic.org\/en\/wp-json\/wp\/v2\/posts\/9430"}],"collection":[{"href":"http:\/\/www.sportic.org\/en\/wp-json\/wp\/v2\/posts"}],"about":[{"href":"http:\/\/www.sportic.org\/en\/wp-json\/wp\/v2\/types\/post"}],"author":[{"embeddable":true,"href":"http:\/\/www.sportic.org\/en\/wp-json\/wp\/v2\/users\/5"}],"replies":[{"embeddable":true,"href":"http:\/\/www.sportic.org\/en\/wp-json\/wp\/v2\/comments?post=9430"}],"version-history":[{"count":10,"href":"http:\/\/www.sportic.org\/en\/wp-json\/wp\/v2\/posts\/9430\/revisions"}],"predecessor-version":[{"id":9441,"href":"http:\/\/www.sportic.org\/en\/wp-json\/wp\/v2\/posts\/9430\/revisions\/9441"}],"wp:featuredmedia":[{"embeddable":true,"href":"http:\/\/www.sportic.org\/en\/wp-json\/wp\/v2\/media\/9431"}],"wp:attachment":[{"href":"http:\/\/www.sportic.org\/en\/wp-json\/wp\/v2\/media?parent=9430"}],"wp:term":[{"taxonomy":"category","embeddable":true,"href":"http:\/\/www.sportic.org\/en\/wp-json\/wp\/v2\/categories?post=9430"},{"taxonomy":"post_tag","embeddable":true,"href":"http:\/\/www.sportic.org\/en\/wp-json\/wp\/v2\/tags?post=9430"}],"curies":[{"name":"wp","href":"https:\/\/api.w.org\/{rel}","templated":true}]}}