{"id":70,"date":"2020-05-19T00:18:18","date_gmt":"2020-05-19T00:18:18","guid":{"rendered":"https:\/\/sportic.org\/wp\/?p=70"},"modified":"2020-07-30T19:56:27","modified_gmt":"2020-07-30T19:56:27","slug":"fase-piloto-del-programa-tecnologia-y-deporte-educacion-para-el-futuro-300-jovenes-se-capacitan-en-quibdo-y-medellin-colombia","status":"publish","type":"post","link":"http:\/\/www.sportic.org\/en\/2020\/05\/19\/fase-piloto-del-programa-tecnologia-y-deporte-educacion-para-el-futuro-300-jovenes-se-capacitan-en-quibdo-y-medellin-colombia\/","title":{"rendered":"Fase Piloto del Programa \u201cTecnolog\u00eda y Deporte: Educaci\u00f3n para el Futuro\u201d: 300 j\u00f3venes se capacitan en Quibd\u00f3 y Medell\u00edn (Colombia)"},"content":{"rendered":"<p>El 9 de septiembre se iniciaron las actividades con las y los adolescentes que participan en el programa para el desarrollo de habilidades digitales y socioemocionales a trav\u00e9s de la tecnolog\u00eda y el deporte.<\/p>\n\n\n\n<p>El Programa Tecnolog\u00eda y Deporte: Educaci\u00f3n para el Futuro, que ejecuta, a nivel local, Microempresas de Colombia, alcanza en esta etapa piloto a m\u00e1s de 300 adolescentes y se desarrollar\u00e1 durante el \u00faltimo trimestre de este a\u00f1o en dos entornos: escolar y comunitario.<\/p>\n\n\n\n<figure class=\"wp-container-2 wp-block-gallery-1 wp-block-gallery aligncenter columns-1 is-cropped\"><ul class=\"blocks-gallery-grid\"><li class=\"blocks-gallery-item\"><figure><img src=\"https:\/\/sportic.org\/wp-content\/uploads\/2020\/05\/3-930x620-1.png\" alt=\"\" data-id=\"1052\" data-full-url=\"https:\/\/sportic.org\/wp-content\/uploads\/2020\/05\/3-930x620-1.png\" data-link=\"https:\/\/sportic.org\/2020\/05\/19\/fase-piloto-del-programa-tecnologia-y-deporte-educacion-para-el-futuro-300-jovenes-se-capacitan-en-quibdo-y-medellin-colombia\/3-930x620\/\" class=\"wp-image-1052\"\/><\/figure><\/li><\/ul><\/figure>\n\n\n\n<p>Los y las adolescentes se re\u00fanen para realizar las actividades digitales y deportivas en el marco de su jornada escolar (regular o complementaria) en cuatro instituciones educativas de Medell\u00edn y de Quibd\u00f3, y en un centro comunitario de Quibd\u00f3.<\/p>\n\n\n\n<p>Con el apoyo del BID LAB y del Comit\u00e9 Ol\u00edmpico Internacional, y la coordinaci\u00f3n regional de Fundaci\u00f3n SES, el Programa trabaja en un total de seis ciudades de Ecuador, Colombia y Argentina, conjuntamente con los sistemas p\u00fablicos de educaci\u00f3n y en vinculaci\u00f3n con espacios socio-educativos comunitarios.<\/p>","protected":false},"excerpt":{"rendered":"<p>El 9 de septiembre se iniciaron las actividades con las y los adolescentes que participan en el programa para el desarrollo de habilidades digitales y socioemocionales a trav\u00e9s de la tecnolog\u00eda y el deporte.<\/p>","protected":false},"author":5,"featured_media":0,"comment_status":"closed","ping_status":"closed","sticky":false,"template":"","format":"standard","meta":{"_monsterinsights_skip_tracking":false,"_monsterinsights_sitenote_active":false,"_monsterinsights_sitenote_note":"","_monsterinsights_sitenote_category":0,"neve_meta_sidebar":"","neve_meta_container":"","neve_meta_enable_content_width":"off","neve_meta_content_width":0,"neve_meta_title_alignment":"","neve_meta_author_avatar":"","neve_post_elements_order":"","neve_meta_disable_header":"","neve_meta_disable_footer":"","neve_meta_disable_title":""},"categories":[3],"tags":[],"_links":{"self":[{"href":"http:\/\/www.sportic.org\/en\/wp-json\/wp\/v2\/posts\/70"}],"collection":[{"href":"http:\/\/www.sportic.org\/en\/wp-json\/wp\/v2\/posts"}],"about":[{"href":"http:\/\/www.sportic.org\/en\/wp-json\/wp\/v2\/types\/post"}],"author":[{"embeddable":true,"href":"http:\/\/www.sportic.org\/en\/wp-json\/wp\/v2\/users\/5"}],"replies":[{"embeddable":true,"href":"http:\/\/www.sportic.org\/en\/wp-json\/wp\/v2\/comments?post=70"}],"version-history":[{"count":4,"href":"http:\/\/www.sportic.org\/en\/wp-json\/wp\/v2\/posts\/70\/revisions"}],"predecessor-version":[{"id":1061,"href":"http:\/\/www.sportic.org\/en\/wp-json\/wp\/v2\/posts\/70\/revisions\/1061"}],"wp:attachment":[{"href":"http:\/\/www.sportic.org\/en\/wp-json\/wp\/v2\/media?parent=70"}],"wp:term":[{"taxonomy":"category","embeddable":true,"href":"http:\/\/www.sportic.org\/en\/wp-json\/wp\/v2\/categories?post=70"},{"taxonomy":"post_tag","embeddable":true,"href":"http:\/\/www.sportic.org\/en\/wp-json\/wp\/v2\/tags?post=70"}],"curies":[{"name":"wp","href":"https:\/\/api.w.org\/{rel}","templated":true}]}}