{"id":67,"date":"2020-05-19T00:13:44","date_gmt":"2020-05-19T00:13:44","guid":{"rendered":"https:\/\/sportic.org\/wp\/?p=67"},"modified":"2020-07-29T15:20:52","modified_gmt":"2020-07-29T15:20:52","slug":"formacion-regional-de-formadores-de-sportic","status":"publish","type":"post","link":"http:\/\/www.sportic.org\/en\/2020\/05\/19\/formacion-regional-de-formadores-de-sportic\/","title":{"rendered":"Formaci\u00f3n Regional de Formadores de Sportic"},"content":{"rendered":"<p>Entre el 24 y el 27 de febrero se llev\u00f3 a cabo la formaci\u00f3n destinada a los responsables de la capacitaci\u00f3n docente y asesores pedag\u00f3gicos de Colombia, Ecuador y Argentina. Reunidos en la ciudad de Medell\u00edn, las y los formadores de las organizaciones ejecutoras de Sportic participaron de las jornadas que presentaron la perspectiva de trabajo para el 2020 y el circuito did\u00e1ctico que supone una reflexi\u00f3n constante sobre las habilidades socioemocionales (HSE) a partir de contenidos deportivos y tecnol\u00f3gicos.<\/p>\n\n\n\n<p><br>La propuesta de formaci\u00f3n integral para adolescentes pone en pr\u00e1ctica una metodolog\u00eda basada en la experiencia. La misma fue desarrollada por Fundaci\u00f3n SES y la consultora Advance Inspiring y se implementar\u00e1 en escuelas y espacios socio-comunitarios en Choc\u00f3 y Medell\u00edn (Colombia); Picoaz\u00e1, Chone, Calceta y Quito (Ecuador) y en Ciudad de Buenos Aires (Argentina).<\/p>\n\n\n\n<p><br>A nivel local, Sportic supone la articulaci\u00f3n de las organizaciones ejecutoras \u2013 Microempresas de Colombia, Fundaci\u00f3n Esquel y Fundaci\u00f3n SES &#8211; con los sistemas p\u00fablicos de educaci\u00f3n y los comit\u00e9s ol\u00edmpicos nacionales. El Programa es una iniciativa del Banco Interamericano de Desarrollo y el Comit\u00e9 Ol\u00edmpico Internacional, y es coordinada por Fundaci\u00f3n SES.<br>\u201cProponemos una nueva forma de aprender. La formaci\u00f3n integral brinda nuevos conocimientos y tambi\u00e9n herramientas para desenvolverse en un mundo completo y cambiante\u201d, explic\u00f3 Rosana Sampedro, responsable de Educaci\u00f3n de Sportic, y precis\u00f3 que \u201ceste encuentro regional fue muy importante porque se logr\u00f3 compartir una estructura metodol\u00f3gica com\u00fan para los tres pa\u00edses\u201d.<\/p>","protected":false},"excerpt":{"rendered":"<p>Entre el 24 y el 27 de febrero se llev\u00f3 a cabo la formaci\u00f3n destinada a los responsables de la capacitaci\u00f3n docente y asesores pedag\u00f3gicos de Colombia, Ecuador y Argentina.<\/p>","protected":false},"author":5,"featured_media":1038,"comment_status":"closed","ping_status":"closed","sticky":false,"template":"","format":"standard","meta":{"_monsterinsights_skip_tracking":false,"_monsterinsights_sitenote_active":false,"_monsterinsights_sitenote_note":"","_monsterinsights_sitenote_category":0,"neve_meta_sidebar":"","neve_meta_container":"","neve_meta_enable_content_width":"off","neve_meta_content_width":0,"neve_meta_title_alignment":"","neve_meta_author_avatar":"","neve_post_elements_order":"","neve_meta_disable_header":"","neve_meta_disable_footer":"","neve_meta_disable_title":""},"categories":[3],"tags":[],"_links":{"self":[{"href":"http:\/\/www.sportic.org\/en\/wp-json\/wp\/v2\/posts\/67"}],"collection":[{"href":"http:\/\/www.sportic.org\/en\/wp-json\/wp\/v2\/posts"}],"about":[{"href":"http:\/\/www.sportic.org\/en\/wp-json\/wp\/v2\/types\/post"}],"author":[{"embeddable":true,"href":"http:\/\/www.sportic.org\/en\/wp-json\/wp\/v2\/users\/5"}],"replies":[{"embeddable":true,"href":"http:\/\/www.sportic.org\/en\/wp-json\/wp\/v2\/comments?post=67"}],"version-history":[{"count":5,"href":"http:\/\/www.sportic.org\/en\/wp-json\/wp\/v2\/posts\/67\/revisions"}],"predecessor-version":[{"id":1062,"href":"http:\/\/www.sportic.org\/en\/wp-json\/wp\/v2\/posts\/67\/revisions\/1062"}],"wp:featuredmedia":[{"embeddable":true,"href":"http:\/\/www.sportic.org\/en\/wp-json\/wp\/v2\/media\/1038"}],"wp:attachment":[{"href":"http:\/\/www.sportic.org\/en\/wp-json\/wp\/v2\/media?parent=67"}],"wp:term":[{"taxonomy":"category","embeddable":true,"href":"http:\/\/www.sportic.org\/en\/wp-json\/wp\/v2\/categories?post=67"},{"taxonomy":"post_tag","embeddable":true,"href":"http:\/\/www.sportic.org\/en\/wp-json\/wp\/v2\/tags?post=67"}],"curies":[{"name":"wp","href":"https:\/\/api.w.org\/{rel}","templated":true}]}}