{"id":2654,"date":"2021-04-08T21:16:00","date_gmt":"2021-04-08T21:16:00","guid":{"rendered":"https:\/\/sportic.org\/?p=2654"},"modified":"2025-04-17T15:57:01","modified_gmt":"2025-04-17T15:57:01","slug":"colombia-cerro-su-ciclo-con-entrega-de-premios-2","status":"publish","type":"post","link":"http:\/\/www.sportic.org\/en\/2021\/04\/08\/colombia-cerro-su-ciclo-con-entrega-de-premios-2\/","title":{"rendered":"\u00a1Una plataforma con todo!"},"content":{"rendered":"<p><strong>Se cre\u00f3 un espacio en la&nbsp; plataforma de Sportic que aloja&nbsp;en un solo sitio el desarrollo de la implementaci\u00f3n anual. Se divide en 4 Bloques que contienen&nbsp;y apoyan las diferentes tareas.<em>&nbsp;<\/em><\/strong><\/p>\n\n\n\n<figure class=\"wp-block-image size-large\"><img fetchpriority=\"high\" width=\"791\" height=\"310\" src=\"https:\/\/sportic.org\/wp-content\/uploads\/2021\/04\/plataforma.png\" alt=\"\" class=\"wp-image-2655\" srcset=\"https:\/\/www.sportic.org\/wp-content\/uploads\/2021\/04\/plataforma.png 791w, https:\/\/www.sportic.org\/wp-content\/uploads\/2021\/04\/plataforma-300x118.png 300w, https:\/\/www.sportic.org\/wp-content\/uploads\/2021\/04\/plataforma-768x301.png 768w\" sizes=\"(max-width: 791px) 100vw, 791px\" \/><\/figure>\n\n\n\n<p>El primer espacio que puede encontrarse en la plataforma es la \u201cBienvenida\u201d. All\u00ed se brindan orientaciones generales sobre el desarrollo del a\u00f1o, acceso a la biblioteca con&nbsp; materiales complementarios&nbsp; que se ir\u00e1n sumando para acompa\u00f1ar cada etapa y la sala de profesorxs con un espacio de Foro&nbsp; y una Sala de zoom ilimitado.<\/p>\n\n\n\n<p>Las capacitaciones tienen un lugar central. Se trata de un espacio de formaci\u00f3n para compartir los conocimientos y experiencias propias, con el objetivo de llegar a una construcci\u00f3n de saber colectivo.<\/p>\n\n\n\n<p><\/p>\n\n\n\n<p>Las etapas de implementaci\u00f3n, a partir de lo experimentado&nbsp; el a\u00f1o anterior en relaci\u00f3n a la variabilidad de los entornos&nbsp;de implementaci\u00f3n del programa y&nbsp; ante lo incierto de la modalidad que tomar\u00e1 del&nbsp; ciclo escolar de este a\u00f1o, se organiza en una segmentaci\u00f3n en 4 etapas&nbsp;bimestrales&nbsp;y&nbsp;un cierre\/ balance general.&nbsp; Cada etapa tendr\u00e1 un eje tem\u00e1tico organizador:&nbsp;<\/p>\n\n\n\n<ul><li>Etapa 1 Diagn\u00f3stico y planificaci\u00f3n&nbsp;<\/li><li>Etapa 2 D\u00eda Ol\u00edmpico<\/li><li>Etapa 3 D\u00eda Tecnol\u00f3gico<\/li><li>Etapa 4 Feria Regional<\/li><li>Cierre y&nbsp; evaluaci\u00f3n<\/li><\/ul>\n\n\n\n<p>El \u00e1rea de monitoreo y evaluaci\u00f3n plante\u00f3 la realizaci\u00f3n de unas \u201cfichas\u201d&nbsp; que lxs chicos y chicas tendr\u00e1n que completar en distintos momentos del a\u00f1o a fin de recabar la informaci\u00f3n necesaria para evaluar el desarrollo del programa y los aprendizajes.<\/p>\n\n\n\n<p>De esta manera, Sportic cuenta con un espacio virtual que acompa\u00f1a la implementaci\u00f3n en todas sus fases y permite estar preparadxs para los escenarios cambiantes que se imponen con rapidez y de distintas formas en los tres pa\u00edses en los que se despliega actualmente el Programa.<\/p>","protected":false},"excerpt":{"rendered":"<p>Se cre\u00f3 un espacio en la  plataforma de Sportic que aloja en un solo sitio el desarrollo de la implementaci\u00f3n anual. Se divide en 4 Bloques que contienen y apoyan las diferentes tareas.<\/p>","protected":false},"author":5,"featured_media":2655,"comment_status":"closed","ping_status":"closed","sticky":false,"template":"","format":"standard","meta":{"_monsterinsights_skip_tracking":false,"_monsterinsights_sitenote_active":false,"_monsterinsights_sitenote_note":"","_monsterinsights_sitenote_category":0,"neve_meta_sidebar":"","neve_meta_container":"","neve_meta_enable_content_width":"off","neve_meta_content_width":0,"neve_meta_title_alignment":"","neve_meta_author_avatar":"","neve_post_elements_order":"","neve_meta_disable_header":"","neve_meta_disable_footer":"","neve_meta_disable_title":""},"categories":[10,3],"tags":[],"_links":{"self":[{"href":"http:\/\/www.sportic.org\/en\/wp-json\/wp\/v2\/posts\/2654"}],"collection":[{"href":"http:\/\/www.sportic.org\/en\/wp-json\/wp\/v2\/posts"}],"about":[{"href":"http:\/\/www.sportic.org\/en\/wp-json\/wp\/v2\/types\/post"}],"author":[{"embeddable":true,"href":"http:\/\/www.sportic.org\/en\/wp-json\/wp\/v2\/users\/5"}],"replies":[{"embeddable":true,"href":"http:\/\/www.sportic.org\/en\/wp-json\/wp\/v2\/comments?post=2654"}],"version-history":[{"count":5,"href":"http:\/\/www.sportic.org\/en\/wp-json\/wp\/v2\/posts\/2654\/revisions"}],"predecessor-version":[{"id":2681,"href":"http:\/\/www.sportic.org\/en\/wp-json\/wp\/v2\/posts\/2654\/revisions\/2681"}],"wp:featuredmedia":[{"embeddable":true,"href":"http:\/\/www.sportic.org\/en\/wp-json\/wp\/v2\/media\/2655"}],"wp:attachment":[{"href":"http:\/\/www.sportic.org\/en\/wp-json\/wp\/v2\/media?parent=2654"}],"wp:term":[{"taxonomy":"category","embeddable":true,"href":"http:\/\/www.sportic.org\/en\/wp-json\/wp\/v2\/categories?post=2654"},{"taxonomy":"post_tag","embeddable":true,"href":"http:\/\/www.sportic.org\/en\/wp-json\/wp\/v2\/tags?post=2654"}],"curies":[{"name":"wp","href":"https:\/\/api.w.org\/{rel}","templated":true}]}}