{"id":20496,"date":"2022-09-14T15:26:31","date_gmt":"2022-09-14T15:26:31","guid":{"rendered":"https:\/\/www.sportic.org\/?p=20496"},"modified":"2025-04-17T15:54:17","modified_gmt":"2025-04-17T15:54:17","slug":"encuentro-regional-en-medellin-reafirmando-el-compromiso-con-las-juventudes","status":"publish","type":"post","link":"http:\/\/www.sportic.org\/en\/2022\/09\/14\/encuentro-regional-en-medellin-reafirmando-el-compromiso-con-las-juventudes\/","title":{"rendered":"Regional Meeting in Medellin: reaffirming the commitment to the youth"},"content":{"rendered":"<div class=\"wp-block-image\">\n<figure class=\"aligncenter size-full\"><img fetchpriority=\"high\" width=\"602\" height=\"397\" src=\"https:\/\/www.sportic.org\/wp-content\/uploads\/2022\/09\/Screen-Shot-2022-09-14-at-11.21.23.png\" alt=\"\" class=\"wp-image-20498\" srcset=\"https:\/\/www.sportic.org\/wp-content\/uploads\/2022\/09\/Screen-Shot-2022-09-14-at-11.21.23.png 602w, https:\/\/www.sportic.org\/wp-content\/uploads\/2022\/09\/Screen-Shot-2022-09-14-at-11.21.23-300x198.png 300w\" sizes=\"(max-width: 602px) 100vw, 602px\" \/><\/figure><\/div>\n\n\n<p class=\"has-text-color\" style=\"color:#efaf39\"><strong>El pasado 25 y 26 de agosto en la ciudad de Medell\u00edn, Colombia, se realiz\u00f3 el X Foro Haciendo Pol\u00edtica Juntos\/as en el marco del Segundo Encuentro Regional del Programa Sportic. El Foro tuvo como prop\u00f3sito impulsar di\u00e1logos que contribuyan a la construcci\u00f3n de pol\u00edticas p\u00fablicas en materia de educaci\u00f3n, proporcionando valor a pol\u00edticas vigentes y potenciando modelos probados y escalables a nivel regional en \u00e1reas como el deporte, la tecnolog\u00eda y las competencias socioemocionales.<\/strong><\/p>\n\n\n\n<p>El encuentro present\u00f3 proyectos elaborados por estudiantes de Quibd\u00f3 y Medell\u00edn, y se incluyeron muestras culturales, conferencias y experiencias a cargo de especialistas en \u00e1reas como: tecnolog\u00eda, deporte, g\u00e9nero y ambiente.<\/p>\n\n\n\n<p>Alejandra Solla, Directora de La Liga Iberoamericana de Organizaciones de la Sociedad Civil\u00a0 y Presidenta de Fundaci\u00f3n SES, reflexion\u00f3 sobre la necesidad de construir un mundo distinto, donde los\/as j\u00f3venes tengan voz en la construcci\u00f3n de pol\u00edticas p\u00fablicas, y asegur\u00f3 que: \u201cnos debatimos ante los grandes desaf\u00edos del sistema educativo, en sociedades de continuo cambio, que van modific\u00e1ndose d\u00eda a d\u00eda. En un contexto de profunda crisis social, pol\u00edtica y econ\u00f3mica a nivel mundial donde es necesario generar nuevos pactos\u201d.<\/p>\n\n\n\n<p>Por su parte, Barbara Schweizer del Comit\u00e9 Ol\u00edmpico Internacional, sostuvo que tanto el deporte como la tecnolog\u00eda \u201cson las lenguas que hablan los j\u00f3venes\u201d, y es muy importante que se desarrollen en entornos seguros, as\u00ed como la tecnolog\u00eda debe brindar protecci\u00f3n, los atletas deben poder desarrollarse en espacios libres de abusos \u201ccambiar eso en el futuro para todos\u201d. Adem\u00e1s expres\u00f3 que se est\u00e1 trabajando para superar las brechas en materia de g\u00e9nero: \u201cel deporte es una materia muy exclusiva y el problema comienza con el acceso, el 80% de las chicas son excluidas de practicar deporte en el mundo entero\u201d.<\/p>\n\n\n\n<p>Se realizaron di\u00e1logos, debates e intercambios sobre propuestas para pol\u00edticas que logren la efectivizaci\u00f3n de derechos en adolescentes y juventudes de la regi\u00f3n. Participaron representantes de organizaciones sociales y deportivas, instituciones p\u00fablicas, privadas y de cooperaci\u00f3n internacional de diversos pa\u00edses de Iberoam\u00e9rica, y se elabor\u00f3 un manifiesto para ser presentado ante tomadores de decisiones.<\/p>\n\n\n\n<p>Se revisaron las consecuencias de la pandemia, entendiendo los problemas estructurales que arrastra la regi\u00f3n desde antes de la llegada del covid-19, considerando que los \/as m\u00e1s afectados\/as son las juventudes, exponiendo la necesidad de acciones urgentes para avanzar en temas como: educaci\u00f3n, tecnolog\u00eda, salud f\u00edsica y mental, cuidados, protecci\u00f3n social y trabajo.<\/p>\n\n\n\n<p>Las y los invitamos a conocer el manifiesto completo y a revivir los mejores momentos del encuentro en <strong><a rel=\"noreferrer noopener\" href=\"http:\/\/www.sportic.org\/en\/encuentroregional2022\/\" target=\"_blank\">sportic.org\/encuentroregional2022<\/a><\/strong><\/p>","protected":false},"excerpt":{"rendered":"<p>On August 25 and 26 in the city of Medell\u00edn, Colombia, the X Foro Haciendo Pol\u00edtica Juntos\/as was held as part of the Second Regional Meeting of the Sportic Program.<\/p>","protected":false},"author":5,"featured_media":20498,"comment_status":"closed","ping_status":"closed","sticky":false,"template":"","format":"standard","meta":{"_monsterinsights_skip_tracking":false,"_monsterinsights_sitenote_active":false,"_monsterinsights_sitenote_note":"","_monsterinsights_sitenote_category":0,"neve_meta_sidebar":"","neve_meta_container":"","neve_meta_enable_content_width":"off","neve_meta_content_width":0,"neve_meta_title_alignment":"","neve_meta_author_avatar":"","neve_post_elements_order":"[\"title\",\"meta\",\"content\",\"tags\",\"comments\"]","neve_meta_disable_header":"","neve_meta_disable_footer":"","neve_meta_disable_title":""},"categories":[10,3],"tags":[],"_links":{"self":[{"href":"http:\/\/www.sportic.org\/en\/wp-json\/wp\/v2\/posts\/20496"}],"collection":[{"href":"http:\/\/www.sportic.org\/en\/wp-json\/wp\/v2\/posts"}],"about":[{"href":"http:\/\/www.sportic.org\/en\/wp-json\/wp\/v2\/types\/post"}],"author":[{"embeddable":true,"href":"http:\/\/www.sportic.org\/en\/wp-json\/wp\/v2\/users\/5"}],"replies":[{"embeddable":true,"href":"http:\/\/www.sportic.org\/en\/wp-json\/wp\/v2\/comments?post=20496"}],"version-history":[{"count":3,"href":"http:\/\/www.sportic.org\/en\/wp-json\/wp\/v2\/posts\/20496\/revisions"}],"predecessor-version":[{"id":20501,"href":"http:\/\/www.sportic.org\/en\/wp-json\/wp\/v2\/posts\/20496\/revisions\/20501"}],"wp:featuredmedia":[{"embeddable":true,"href":"http:\/\/www.sportic.org\/en\/wp-json\/wp\/v2\/media\/20498"}],"wp:attachment":[{"href":"http:\/\/www.sportic.org\/en\/wp-json\/wp\/v2\/media?parent=20496"}],"wp:term":[{"taxonomy":"category","embeddable":true,"href":"http:\/\/www.sportic.org\/en\/wp-json\/wp\/v2\/categories?post=20496"},{"taxonomy":"post_tag","embeddable":true,"href":"http:\/\/www.sportic.org\/en\/wp-json\/wp\/v2\/tags?post=20496"}],"curies":[{"name":"wp","href":"https:\/\/api.w.org\/{rel}","templated":true}]}}