{"id":12635,"date":"2022-05-08T11:14:00","date_gmt":"2022-05-08T11:14:00","guid":{"rendered":"https:\/\/sportic.org\/?p=12635"},"modified":"2025-04-17T15:55:25","modified_gmt":"2025-04-17T15:55:25","slug":"propuestas-innovadoras-para-fortalecer-la-autonomia","status":"publish","type":"post","link":"http:\/\/www.sportic.org\/en\/2022\/05\/08\/propuestas-innovadoras-para-fortalecer-la-autonomia\/","title":{"rendered":"Propuestas innovadoras para fortalecer la autonom\u00eda"},"content":{"rendered":"<h5><span style=\"color:#f29238\" class=\"has-inline-color\"><em><em>Sportic comenz\u00f3 su cuarto a\u00f1o de implementaci\u00f3n, favoreciendo el desarrollo de habilidades\nen chicos y chicas a trav\u00e9s del deporte y la tecnolog\u00eda en Argentina, Ecuador y Colombia. \u201cA\ntrav\u00e9s de sus actividades se promueve el aprendizaje colaborativo de manera integral,\npartiendo desde sus saberes previos, sus intereses actuales y adentrandolxs en nuevos\nrecorridos con otra perspectiva posible sobre su autopercepci\u00f3n. Esto realmente hace la\ndiferencia\u201d, nos cuenta Viviana B\u00e9rtola, educadora del espacio sociocomunitario Vamos a\nAndar de Barrio Mugica (Ciudad de Buenos Aires).<\/em><\/em><\/span><\/h5>\n\n\n\n<div class=\"wp-block-image\"><figure class=\"aligncenter size-large\"><img fetchpriority=\"high\" width=\"1024\" height=\"768\" src=\"https:\/\/sportic.org\/wp-content\/uploads\/2022\/05\/propuestas_innovadoras-1024x768.jpeg\" alt=\"\" class=\"wp-image-12636\" srcset=\"https:\/\/www.sportic.org\/wp-content\/uploads\/2022\/05\/propuestas_innovadoras-1024x768.jpeg 1024w, https:\/\/www.sportic.org\/wp-content\/uploads\/2022\/05\/propuestas_innovadoras-300x225.jpeg 300w, https:\/\/www.sportic.org\/wp-content\/uploads\/2022\/05\/propuestas_innovadoras-768x576.jpeg 768w, https:\/\/www.sportic.org\/wp-content\/uploads\/2022\/05\/propuestas_innovadoras.jpeg 1040w\" sizes=\"(max-width: 1024px) 100vw, 1024px\" \/><\/figure><\/div>\n\n\n\n<p>Desde marzo, Sportic retom\u00f3 las actividades en las escuelas de Ciudad de Buenos Aires. En el\nmarco del Programa Jornada Extendida se desarrollan los talleres con actividades y proyectos\npara fortalecer habilidades como el autoconocimiento, el trabajo en equipo, la comunicaci\u00f3n,\nel pensamiento creativo, la toma de decisiones, entre otras. Del mismo modo, la propuesta\ntoma forma en espacios sociocomunitarios de la mano de organizaciones territoriales.<\/p>\n\n\n\n<p>\u201cUna gran forma de ponerse en marcha es con juegos cooperativos, en los que solo se puede\nganar si se trabaja en equipo. De esta manera las y los participantes empiezan a conocerse, y a\nla vez se refuerza uno de los valores ol\u00edmpicos que impulsa el programa: la amistad\u201d, afirma\nLuz Cornejo, una de las referentes de la implementaci\u00f3n en Argentina. \u201cEn las actividades se\ncombina el aprendizaje de habilidades tecnol\u00f3gicas, deportivas y socioemocionales. Por\nejemplo en el Centro Educativo Paulo Freire de Escobar, una de las sedes de Sportic en\nProvincia de Buenos Aires, las y los chicos est\u00e1n trabajando programaci\u00f3n para armar\ncoreograf\u00edas, poniendo el cuerpo en acci\u00f3n, saberes tecnol\u00f3gicos espec\u00edficos, creando pasos\nde baile, hacen acuerdos y trabajan en equipo\u201d, explica Luz.<\/p>\n\n\n\n<p>Para lograr esta integraci\u00f3n de contenidos, Sportic trabaja en la formaci\u00f3n de educadores y\neducadoras que se desempe\u00f1an en instituciones educativas del sistema p\u00fablico y en centros\ncomunitarios. \u201cComo facilitadores de las actividades, nos ayuda a focalizar el diagn\u00f3stico de\ncada chicx y a explorar las habilidades socioemocionales de manera din\u00e1mica. Nos estimula a\ntrabajar con una mirada transversal. Poder ver c\u00f3mo se van tejiendo esos hilos, muchas veces\ninvisibles en otros procesos, nos da la pauta de que se abre una puerta de conocimiento social\ne individual entre todxs los que formamos parte de los encuentros\u201d, reflexiona Vivi de la\norganizaci\u00f3n social Vamos a Andar, sobre la tarea que realiza junto a sus compa\u00f1eros Juan y\nMariana, una experiencia que, en su caso, acumulan desde que Sportic comenz\u00f3 a desarrollarse en esa sede en 2019.<\/p>","protected":false},"excerpt":{"rendered":"<p>Sportic comenz\u00f3 su cuarto a\u00f1o de implementaci\u00f3n, favoreciendo el desarrollo de habilidades en chicos y chicas a trav\u00e9s del deporte y la tecnolog\u00eda en Argentina, Ecuador y Colombia. <\/p>","protected":false},"author":5,"featured_media":12636,"comment_status":"closed","ping_status":"closed","sticky":false,"template":"","format":"standard","meta":{"_monsterinsights_skip_tracking":false,"_monsterinsights_sitenote_active":false,"_monsterinsights_sitenote_note":"","_monsterinsights_sitenote_category":0,"neve_meta_sidebar":"","neve_meta_container":"","neve_meta_enable_content_width":"off","neve_meta_content_width":0,"neve_meta_title_alignment":"","neve_meta_author_avatar":"","neve_post_elements_order":"","neve_meta_disable_header":"","neve_meta_disable_footer":"","neve_meta_disable_title":""},"categories":[12,3],"tags":[],"_links":{"self":[{"href":"http:\/\/www.sportic.org\/en\/wp-json\/wp\/v2\/posts\/12635"}],"collection":[{"href":"http:\/\/www.sportic.org\/en\/wp-json\/wp\/v2\/posts"}],"about":[{"href":"http:\/\/www.sportic.org\/en\/wp-json\/wp\/v2\/types\/post"}],"author":[{"embeddable":true,"href":"http:\/\/www.sportic.org\/en\/wp-json\/wp\/v2\/users\/5"}],"replies":[{"embeddable":true,"href":"http:\/\/www.sportic.org\/en\/wp-json\/wp\/v2\/comments?post=12635"}],"version-history":[{"count":3,"href":"http:\/\/www.sportic.org\/en\/wp-json\/wp\/v2\/posts\/12635\/revisions"}],"predecessor-version":[{"id":12645,"href":"http:\/\/www.sportic.org\/en\/wp-json\/wp\/v2\/posts\/12635\/revisions\/12645"}],"wp:featuredmedia":[{"embeddable":true,"href":"http:\/\/www.sportic.org\/en\/wp-json\/wp\/v2\/media\/12636"}],"wp:attachment":[{"href":"http:\/\/www.sportic.org\/en\/wp-json\/wp\/v2\/media?parent=12635"}],"wp:term":[{"taxonomy":"category","embeddable":true,"href":"http:\/\/www.sportic.org\/en\/wp-json\/wp\/v2\/categories?post=12635"},{"taxonomy":"post_tag","embeddable":true,"href":"http:\/\/www.sportic.org\/en\/wp-json\/wp\/v2\/tags?post=12635"}],"curies":[{"name":"wp","href":"https:\/\/api.w.org\/{rel}","templated":true}]}}