{"id":12623,"date":"2022-03-10T15:00:28","date_gmt":"2022-03-10T15:00:28","guid":{"rendered":"https:\/\/sportic.org\/?p=12623"},"modified":"2025-04-17T15:55:37","modified_gmt":"2025-04-17T15:55:37","slug":"un-nuevo-comienzo-de-sportic-en-colombia","status":"publish","type":"post","link":"http:\/\/www.sportic.org\/en\/2022\/03\/10\/un-nuevo-comienzo-de-sportic-en-colombia\/","title":{"rendered":"Un nuevo comienzo de Sportic en Colombia"},"content":{"rendered":"<div class=\"wp-block-image\"><figure class=\"aligncenter size-full\"><img fetchpriority=\"high\" width=\"649\" height=\"649\" src=\"https:\/\/sportic.org\/wp-content\/uploads\/2022\/05\/formacion_colombia.jpg\" alt=\"\" class=\"wp-image-12625\" srcset=\"https:\/\/www.sportic.org\/wp-content\/uploads\/2022\/05\/formacion_colombia.jpg 649w, https:\/\/www.sportic.org\/wp-content\/uploads\/2022\/05\/formacion_colombia-300x300.jpg 300w, https:\/\/www.sportic.org\/wp-content\/uploads\/2022\/05\/formacion_colombia-150x150.jpg 150w\" sizes=\"(max-width: 649px) 100vw, 649px\" \/><\/figure><\/div>\n\n\n\n<p>Durante el 2021, 953 j\u00f3venes se certificaron en la formaci\u00f3n integral brindada por Sportic. De ese total 649 fueron adolescentes mujeres focalizando especialmente en el objetivo de reducir las brechas de g\u00e9nero existentes. Las y los estudiantes participantes llevaron adelante su trayecto formativo en 18 unidades educativas y dos centros socio-comunitarios pertenecientes a las ciudades de Medell\u00edn y Quibd\u00f3.<\/p>\n\n\n\n<p>Los primeros hallazgos encontrados por el sistema de monitoreo del Programa arrojaron resultados que En 2022 se inicia un nuevo ciclo del Programa. De la mano de Microempresas de Colombia como organizaci\u00f3n ejecutora local, seguiremos acompa\u00f1ando a adolescentes y j\u00f3venes en este cuarto a\u00f1o de implementaci\u00f3n.<\/p>\n\n\n\n<p>El febrero comenzaron las capacitaciones de educadores y educadoras especializados en deporte y tecnolog\u00eda, form\u00e1ndose para llevar adelante proyectos integrales para el fortalecimiento de habilidades socioemocionales, mediante actividades que pensadas para impulsar la autonom\u00eda, participaci\u00f3n y acceso a derechos de las y los participantes.<\/p>","protected":false},"excerpt":{"rendered":"<p>Durante el 2021, 953 j\u00f3venes se certificaron en la formaci\u00f3n integral brindada por Sportic. De ese total 649 fueron adolescentes mujeres focalizando especialmente en el objetivo de reducir las brechas de g\u00e9nero existentes.<\/p>","protected":false},"author":5,"featured_media":12625,"comment_status":"closed","ping_status":"closed","sticky":false,"template":"","format":"standard","meta":{"_monsterinsights_skip_tracking":false,"_monsterinsights_sitenote_active":false,"_monsterinsights_sitenote_note":"","_monsterinsights_sitenote_category":0,"neve_meta_sidebar":"","neve_meta_container":"","neve_meta_enable_content_width":"off","neve_meta_content_width":0,"neve_meta_title_alignment":"","neve_meta_author_avatar":"","neve_post_elements_order":"","neve_meta_disable_header":"","neve_meta_disable_footer":"","neve_meta_disable_title":""},"categories":[3],"tags":[],"_links":{"self":[{"href":"http:\/\/www.sportic.org\/en\/wp-json\/wp\/v2\/posts\/12623"}],"collection":[{"href":"http:\/\/www.sportic.org\/en\/wp-json\/wp\/v2\/posts"}],"about":[{"href":"http:\/\/www.sportic.org\/en\/wp-json\/wp\/v2\/types\/post"}],"author":[{"embeddable":true,"href":"http:\/\/www.sportic.org\/en\/wp-json\/wp\/v2\/users\/5"}],"replies":[{"embeddable":true,"href":"http:\/\/www.sportic.org\/en\/wp-json\/wp\/v2\/comments?post=12623"}],"version-history":[{"count":3,"href":"http:\/\/www.sportic.org\/en\/wp-json\/wp\/v2\/posts\/12623\/revisions"}],"predecessor-version":[{"id":12628,"href":"http:\/\/www.sportic.org\/en\/wp-json\/wp\/v2\/posts\/12623\/revisions\/12628"}],"wp:featuredmedia":[{"embeddable":true,"href":"http:\/\/www.sportic.org\/en\/wp-json\/wp\/v2\/media\/12625"}],"wp:attachment":[{"href":"http:\/\/www.sportic.org\/en\/wp-json\/wp\/v2\/media?parent=12623"}],"wp:term":[{"taxonomy":"category","embeddable":true,"href":"http:\/\/www.sportic.org\/en\/wp-json\/wp\/v2\/categories?post=12623"},{"taxonomy":"post_tag","embeddable":true,"href":"http:\/\/www.sportic.org\/en\/wp-json\/wp\/v2\/tags?post=12623"}],"curies":[{"name":"wp","href":"https:\/\/api.w.org\/{rel}","templated":true}]}}