{"id":1138,"date":"2020-09-14T23:22:36","date_gmt":"2020-09-14T23:22:36","guid":{"rendered":"https:\/\/sportic.org\/?p=1138"},"modified":"2025-04-17T15:57:23","modified_gmt":"2025-04-17T15:57:23","slug":"sportic-inicio-el-trabajo-con-16-organizaciones-comunitarias-en-buenos-aires","status":"publish","type":"post","link":"http:\/\/www.sportic.org\/en\/2020\/09\/14\/sportic-inicio-el-trabajo-con-16-organizaciones-comunitarias-en-buenos-aires\/","title":{"rendered":"Sportic inici\u00f3 el trabajo con 16 organizaciones comunitarias en Buenos Aires"},"content":{"rendered":"<p><strong>Se trata de espacios socio-comunitarios de la Ciudad Aut\u00f3noma y la Provincia de Buenos Aires.<\/strong><\/p>\n\n\n\n<p>En un momento tan dif\u00edcil, Sportic apuesta a fortalecer el v\u00ednculo con ni\u00f1ez, adolescentes y j\u00f3venes, y buscar alternativas para la continuidad de los procesos pedag\u00f3gicos.<\/p>\n\n\n\n<figure class=\"wp-block-image size-large\"><img fetchpriority=\"high\" width=\"1024\" height=\"575\" src=\"https:\/\/sportic.org\/wp-content\/uploads\/2020\/09\/WhatsApp-Image-2020-09-11-at-12.42.22-PM-1024x575.jpeg\" alt=\"\" class=\"wp-image-1139\" srcset=\"https:\/\/www.sportic.org\/wp-content\/uploads\/2020\/09\/WhatsApp-Image-2020-09-11-at-12.42.22-PM-1024x575.jpeg 1024w, https:\/\/www.sportic.org\/wp-content\/uploads\/2020\/09\/WhatsApp-Image-2020-09-11-at-12.42.22-PM-300x169.jpeg 300w, https:\/\/www.sportic.org\/wp-content\/uploads\/2020\/09\/WhatsApp-Image-2020-09-11-at-12.42.22-PM-768x431.jpeg 768w, https:\/\/www.sportic.org\/wp-content\/uploads\/2020\/09\/WhatsApp-Image-2020-09-11-at-12.42.22-PM.jpeg 1280w\" sizes=\"(max-width: 1024px) 100vw, 1024px\" \/><\/figure>\n\n\n\n<p>Las y los educadores de estos centros ya recibieron la formaci\u00f3n inicial. Hasta que las actividades presenciales se autoricen y comiencen a restablecerse con los protocolos correspondientes,\u00a0 se desarrollar\u00e1 con las y los adolescentes un proceso pedag\u00f3gico de formaci\u00f3n integral mediante materiales y actividades de manera virtual.<\/p>","protected":false},"excerpt":{"rendered":"<p>Se trata de espacios socio-comunitarios de la Ciudad Aut\u00f3noma y la Provincia de Buenos Aires.<\/p>","protected":false},"author":5,"featured_media":1139,"comment_status":"closed","ping_status":"closed","sticky":false,"template":"","format":"standard","meta":{"_monsterinsights_skip_tracking":false,"_monsterinsights_sitenote_active":false,"_monsterinsights_sitenote_note":"","_monsterinsights_sitenote_category":0,"neve_meta_sidebar":"","neve_meta_container":"","neve_meta_enable_content_width":"off","neve_meta_content_width":0,"neve_meta_title_alignment":"","neve_meta_author_avatar":"","neve_post_elements_order":"","neve_meta_disable_header":"","neve_meta_disable_footer":"","neve_meta_disable_title":""},"categories":[3],"tags":[],"_links":{"self":[{"href":"http:\/\/www.sportic.org\/en\/wp-json\/wp\/v2\/posts\/1138"}],"collection":[{"href":"http:\/\/www.sportic.org\/en\/wp-json\/wp\/v2\/posts"}],"about":[{"href":"http:\/\/www.sportic.org\/en\/wp-json\/wp\/v2\/types\/post"}],"author":[{"embeddable":true,"href":"http:\/\/www.sportic.org\/en\/wp-json\/wp\/v2\/users\/5"}],"replies":[{"embeddable":true,"href":"http:\/\/www.sportic.org\/en\/wp-json\/wp\/v2\/comments?post=1138"}],"version-history":[{"count":3,"href":"http:\/\/www.sportic.org\/en\/wp-json\/wp\/v2\/posts\/1138\/revisions"}],"predecessor-version":[{"id":1142,"href":"http:\/\/www.sportic.org\/en\/wp-json\/wp\/v2\/posts\/1138\/revisions\/1142"}],"wp:featuredmedia":[{"embeddable":true,"href":"http:\/\/www.sportic.org\/en\/wp-json\/wp\/v2\/media\/1139"}],"wp:attachment":[{"href":"http:\/\/www.sportic.org\/en\/wp-json\/wp\/v2\/media?parent=1138"}],"wp:term":[{"taxonomy":"category","embeddable":true,"href":"http:\/\/www.sportic.org\/en\/wp-json\/wp\/v2\/categories?post=1138"},{"taxonomy":"post_tag","embeddable":true,"href":"http:\/\/www.sportic.org\/en\/wp-json\/wp\/v2\/tags?post=1138"}],"curies":[{"name":"wp","href":"https:\/\/api.w.org\/{rel}","templated":true}]}}