{"id":1132,"date":"2020-09-01T23:18:00","date_gmt":"2020-09-01T23:18:00","guid":{"rendered":"https:\/\/sportic.org\/?p=1132"},"modified":"2025-04-17T15:57:28","modified_gmt":"2025-04-17T15:57:28","slug":"el-adn-de-sportic-curso-para-educadores-a-nivel-regional","status":"publish","type":"post","link":"http:\/\/www.sportic.org\/en\/2020\/09\/01\/el-adn-de-sportic-curso-para-educadores-a-nivel-regional\/","title":{"rendered":"\u201cEl ADN de Sportic\u201d, curso para educadores a nivel regional"},"content":{"rendered":"<p><strong>Entre el 17 y el 31 de agosto tuvo lugar el curso inicial de Sportic del que participaron educadores y educadoras de Argentina, Ecuador y Colombia.<\/strong><\/p>\n\n\n\n<p>En las clases se utilizaron recursos diversos para la&nbsp; transmisi\u00f3n de las ideas principales del&nbsp; Programa , como&nbsp; videos de especialistas , textos de apoyo ,&nbsp; lectura&nbsp; orientada del manual y&nbsp; otros recursos l\u00fadicos que invitaron a la reflexi\u00f3n&nbsp; y permitieron&nbsp; ampliar los&nbsp; conocimientos. Tambi\u00e9n se propusieron foros y distintas consignas para promover el intercambio y enriquecimiento de las y los participantes entre s\u00ed.<\/p>\n\n\n\n<figure class=\"wp-block-image size-large\"><img fetchpriority=\"high\" width=\"872\" height=\"675\" src=\"https:\/\/sportic.org\/wp-content\/uploads\/2020\/09\/campus-adn-sportic.jpg\" alt=\"\" class=\"wp-image-1133\" srcset=\"https:\/\/www.sportic.org\/wp-content\/uploads\/2020\/09\/campus-adn-sportic.jpg 872w, https:\/\/www.sportic.org\/wp-content\/uploads\/2020\/09\/campus-adn-sportic-300x232.jpg 300w, https:\/\/www.sportic.org\/wp-content\/uploads\/2020\/09\/campus-adn-sportic-768x594.jpg 768w\" sizes=\"(max-width: 872px) 100vw, 872px\" \/><\/figure>\n\n\n\n<p>A partir de los resultados de la encuesta final de evaluaci\u00f3n podemos afirmar que tanto los contenidos como las actividades fueron de gran inter\u00e9s, valorando la diversidad de recursos a disposici\u00f3n.<\/p>\n\n\n\n<figure class=\"wp-block-image size-large\"><img width=\"886\" height=\"466\" src=\"https:\/\/sportic.org\/wp-content\/uploads\/2020\/09\/Untitled.png\" alt=\"\" class=\"wp-image-1134\" srcset=\"https:\/\/www.sportic.org\/wp-content\/uploads\/2020\/09\/Untitled.png 886w, https:\/\/www.sportic.org\/wp-content\/uploads\/2020\/09\/Untitled-300x158.png 300w, https:\/\/www.sportic.org\/wp-content\/uploads\/2020\/09\/Untitled-768x404.png 768w\" sizes=\"(max-width: 886px) 100vw, 886px\" \/><\/figure>\n\n\n\n<figure class=\"wp-block-image size-large\"><img width=\"886\" height=\"507\" src=\"https:\/\/sportic.org\/wp-content\/uploads\/2020\/09\/2.png\" alt=\"\" class=\"wp-image-1135\" srcset=\"https:\/\/www.sportic.org\/wp-content\/uploads\/2020\/09\/2.png 886w, https:\/\/www.sportic.org\/wp-content\/uploads\/2020\/09\/2-300x172.png 300w, https:\/\/www.sportic.org\/wp-content\/uploads\/2020\/09\/2-768x439.png 768w\" sizes=\"(max-width: 886px) 100vw, 886px\" \/><\/figure>","protected":false},"excerpt":{"rendered":"<p>Entre el 17 y el 31 de agosto tuvo lugar el curso inicial de Sportic del que participaron educadores y educadoras de Argentina, Ecuador y Colombia.<\/p>","protected":false},"author":5,"featured_media":1133,"comment_status":"closed","ping_status":"closed","sticky":false,"template":"","format":"standard","meta":{"_monsterinsights_skip_tracking":false,"_monsterinsights_sitenote_active":false,"_monsterinsights_sitenote_note":"","_monsterinsights_sitenote_category":0,"neve_meta_sidebar":"","neve_meta_container":"","neve_meta_enable_content_width":"off","neve_meta_content_width":0,"neve_meta_title_alignment":"","neve_meta_author_avatar":"","neve_post_elements_order":"","neve_meta_disable_header":"","neve_meta_disable_footer":"","neve_meta_disable_title":""},"categories":[3],"tags":[],"_links":{"self":[{"href":"http:\/\/www.sportic.org\/en\/wp-json\/wp\/v2\/posts\/1132"}],"collection":[{"href":"http:\/\/www.sportic.org\/en\/wp-json\/wp\/v2\/posts"}],"about":[{"href":"http:\/\/www.sportic.org\/en\/wp-json\/wp\/v2\/types\/post"}],"author":[{"embeddable":true,"href":"http:\/\/www.sportic.org\/en\/wp-json\/wp\/v2\/users\/5"}],"replies":[{"embeddable":true,"href":"http:\/\/www.sportic.org\/en\/wp-json\/wp\/v2\/comments?post=1132"}],"version-history":[{"count":3,"href":"http:\/\/www.sportic.org\/en\/wp-json\/wp\/v2\/posts\/1132\/revisions"}],"predecessor-version":[{"id":1143,"href":"http:\/\/www.sportic.org\/en\/wp-json\/wp\/v2\/posts\/1132\/revisions\/1143"}],"wp:featuredmedia":[{"embeddable":true,"href":"http:\/\/www.sportic.org\/en\/wp-json\/wp\/v2\/media\/1133"}],"wp:attachment":[{"href":"http:\/\/www.sportic.org\/en\/wp-json\/wp\/v2\/media?parent=1132"}],"wp:term":[{"taxonomy":"category","embeddable":true,"href":"http:\/\/www.sportic.org\/en\/wp-json\/wp\/v2\/categories?post=1132"},{"taxonomy":"post_tag","embeddable":true,"href":"http:\/\/www.sportic.org\/en\/wp-json\/wp\/v2\/tags?post=1132"}],"curies":[{"name":"wp","href":"https:\/\/api.w.org\/{rel}","templated":true}]}}